{"id":2238,"date":"2026-03-16T12:18:23","date_gmt":"2026-03-16T11:18:23","guid":{"rendered":"https:\/\/historischer-verein-winterthur.ch\/site\/?p=2238"},"modified":"2026-03-27T22:13:49","modified_gmt":"2026-03-27T21:13:49","slug":"schloss-moersburg-fuehrungen","status":"publish","type":"post","link":"https:\/\/historischer-verein-winterthur.ch\/site\/schloss-moersburg-fuehrungen\/","title":{"rendered":"Schloss M\u00f6rsburg: F\u00fchrungen"},"content":{"rendered":"<p>\u00d6ffnungszeiten M\u00f6rsburg: Ab 1. Mai 2026 bis Ende Oktober 2026<\/p>\n<p>Private Schlossf\u00fchrungen auf Anfrage<\/p>\n<p>Szenische F\u00fchrungen: 17.05.\/07.06.\/23.08.2026<\/p>\n<p><!--more--><\/p>\n<p>Erleben Sie Geschichte! Die M\u00f6rsburg ist neben der Kyburg eine der bedeutendsten mittelalterlichen Burgen der Nordostschweiz. Angesehene Adelsgeschlechter haben die Burg zu verschiedenen Zeiten zu ihrem Wohn- und Verwaltungssitz um- und ausgebaut.<\/p>\n<p>Die Burg steht an pr\u00e4chtiger Aussichtslage ob Stadel im Nordosten von Winterthur, unmittelbar neben dem dazu geh\u00f6rigen Gasthaus Schlosshalde.<\/p>\n<p><b>Private Schlossf\u00fchrungen<\/b> f\u00fcr ganz unterschiedliche Gruppen sind m\u00f6glich, auch ausserhalb der \u00d6ffnungszeiten, ev. verbunden mit einem Ap\u00e9ro im herrlichen Herrensaal mit Fernsicht. Reservationen beim Gasthaus Schlosshalde, Telefon 052 233 78 78.<\/p>\n<p style=\"text-align: left;\"><b>Szenische F\u00fchrungen mit Patricia Negri: <\/b>F\u00fchrung mit Schlossmagd Berta (ohne Voranmeldung) am 17. Mai, 7. Juni und 23. August 2026 um 17:00 Uhr. Treffpunkt ist vor dem Schlosseingang.<\/p>\n<p>&nbsp;<\/p>\n","protected":false},"excerpt":{"rendered":"<p>\u00d6ffnungszeiten M\u00f6rsburg: Ab 1. Mai 2026 bis Ende Oktober 2026 Private Schlossf\u00fchrungen auf Anfrage Szenische F\u00fchrungen: 17.05.\/07.06.\/23.08.2026<\/p>\n","protected":false},"author":8,"featured_media":2250,"comment_status":"closed","ping_status":"closed","sticky":false,"template":"","format":"standard","meta":{"footnotes":""},"categories":[43],"tags":[],"class_list":["post-2238","post","type-post","status-publish","format-standard","has-post-thumbnail","hentry","category-fuehrung"],"aioseo_notices":[],"_links":{"self":[{"href":"https:\/\/historischer-verein-winterthur.ch\/site\/wp-json\/wp\/v2\/posts\/2238","targetHints":{"allow":["GET"]}}],"collection":[{"href":"https:\/\/historischer-verein-winterthur.ch\/site\/wp-json\/wp\/v2\/posts"}],"about":[{"href":"https:\/\/historischer-verein-winterthur.ch\/site\/wp-json\/wp\/v2\/types\/post"}],"author":[{"embeddable":true,"href":"https:\/\/historischer-verein-winterthur.ch\/site\/wp-json\/wp\/v2\/users\/8"}],"replies":[{"embeddable":true,"href":"https:\/\/historischer-verein-winterthur.ch\/site\/wp-json\/wp\/v2\/comments?post=2238"}],"version-history":[{"count":19,"href":"https:\/\/historischer-verein-winterthur.ch\/site\/wp-json\/wp\/v2\/posts\/2238\/revisions"}],"predecessor-version":[{"id":2521,"href":"https:\/\/historischer-verein-winterthur.ch\/site\/wp-json\/wp\/v2\/posts\/2238\/revisions\/2521"}],"wp:featuredmedia":[{"embeddable":true,"href":"https:\/\/historischer-verein-winterthur.ch\/site\/wp-json\/wp\/v2\/media\/2250"}],"wp:attachment":[{"href":"https:\/\/historischer-verein-winterthur.ch\/site\/wp-json\/wp\/v2\/media?parent=2238"}],"wp:term":[{"taxonomy":"category","embeddable":true,"href":"https:\/\/historischer-verein-winterthur.ch\/site\/wp-json\/wp\/v2\/categories?post=2238"},{"taxonomy":"post_tag","embeddable":true,"href":"https:\/\/historischer-verein-winterthur.ch\/site\/wp-json\/wp\/v2\/tags?post=2238"}],"curies":[{"name":"wp","href":"https:\/\/api.w.org\/{rel}","templated":true}]}}