{"id":2303,"date":"2026-03-23T10:52:27","date_gmt":"2026-03-23T09:52:27","guid":{"rendered":"https:\/\/historischer-verein-winterthur.ch\/site\/?p=2303"},"modified":"2026-04-27T18:53:12","modified_gmt":"2026-04-27T16:53:12","slug":"legende-vs-fakten-ein-podcast-abend-ueber-eine-moderne-sage-um-das-restaurant-hong-kong-in-winterthur","status":"publish","type":"post","link":"https:\/\/historischer-verein-winterthur.ch\/site\/legende-vs-fakten-ein-podcast-abend-ueber-eine-moderne-sage-um-das-restaurant-hong-kong-in-winterthur\/","title":{"rendered":"Saisoner\u00f6ffnung M\u00f6rsburg"},"content":{"rendered":"<p>Freitag, 1. Mai 2026, 11-17 Uhr<\/p>\n<p>Schloss M\u00f6rsburg<br \/>\nSaisoner\u00f6ffnung<\/p>\n<p>Schloss M\u00f6rsburg, M\u00f6rsburgstrasse 30, 8404 Winterthur<\/p>\n<hr \/>\n<p><!--more--><\/p>\n<p>Die Burg erwacht aus dem Winterschlaf!<\/p>\n<p>1. Mai 2026 ab 11 Uhr bis 17 Uhr ge\u00f6ffnet, Eintritt frei<\/p>\n<p>Die Weinstube ist offen, ebenso die stimmigen Arbeitsr\u00e4ume des N\u00e4hateliers. Um 13 Uhr und 15 Uhr finden \u00f6ffentliche F\u00fchrungen durch die Burg statt. Im Ausstellungsraum und im Park ist die neue Kunstausstellung mit Werken von Klemens Pasoldt zu sehen \u2013 Vernissage ab 14 Uhr.<\/p>\n<p>Um 12 Uhr und 14 Uhr erklingt Musik. Von 13 Uhr bis 16 Uhr gibt es einen Spieltisch mit Spielen von anno dazumal.<\/p>\n<p>Die Schlosshalde bietet Festwirtschaft von 11 bis 18 Uhr.<\/p>\n<p><a title=\"Flyer\" href=\"https:\/\/historischer-verein-winterthur.ch\/site\/wp-content\/uploads\/2026\/04\/1.Mai-2026.docx-1-1-1.pdf\">Flyer<\/a><\/p>\n","protected":false},"excerpt":{"rendered":"<p>Freitag, 1. Mai 2026, 11-17 Uhr Schloss M\u00f6rsburg Saisoner\u00f6ffnung Schloss M\u00f6rsburg, M\u00f6rsburgstrasse 30, 8404 Winterthur<\/p>\n","protected":false},"author":8,"featured_media":2234,"comment_status":"closed","ping_status":"closed","sticky":false,"template":"","format":"standard","meta":{"footnotes":""},"categories":[43,7],"tags":[240,242,74,241],"class_list":["post-2303","post","type-post","status-publish","format-standard","has-post-thumbnail","hentry","category-fuehrung","category-permanente-ausstellung","tag-fuehrungen","tag-saisoneroeffnung","tag-schloss-moersburg","tag-vernissage"],"aioseo_notices":[],"_links":{"self":[{"href":"https:\/\/historischer-verein-winterthur.ch\/site\/wp-json\/wp\/v2\/posts\/2303","targetHints":{"allow":["GET"]}}],"collection":[{"href":"https:\/\/historischer-verein-winterthur.ch\/site\/wp-json\/wp\/v2\/posts"}],"about":[{"href":"https:\/\/historischer-verein-winterthur.ch\/site\/wp-json\/wp\/v2\/types\/post"}],"author":[{"embeddable":true,"href":"https:\/\/historischer-verein-winterthur.ch\/site\/wp-json\/wp\/v2\/users\/8"}],"replies":[{"embeddable":true,"href":"https:\/\/historischer-verein-winterthur.ch\/site\/wp-json\/wp\/v2\/comments?post=2303"}],"version-history":[{"count":13,"href":"https:\/\/historischer-verein-winterthur.ch\/site\/wp-json\/wp\/v2\/posts\/2303\/revisions"}],"predecessor-version":[{"id":2540,"href":"https:\/\/historischer-verein-winterthur.ch\/site\/wp-json\/wp\/v2\/posts\/2303\/revisions\/2540"}],"wp:featuredmedia":[{"embeddable":true,"href":"https:\/\/historischer-verein-winterthur.ch\/site\/wp-json\/wp\/v2\/media\/2234"}],"wp:attachment":[{"href":"https:\/\/historischer-verein-winterthur.ch\/site\/wp-json\/wp\/v2\/media?parent=2303"}],"wp:term":[{"taxonomy":"category","embeddable":true,"href":"https:\/\/historischer-verein-winterthur.ch\/site\/wp-json\/wp\/v2\/categories?post=2303"},{"taxonomy":"post_tag","embeddable":true,"href":"https:\/\/historischer-verein-winterthur.ch\/site\/wp-json\/wp\/v2\/tags?post=2303"}],"curies":[{"name":"wp","href":"https:\/\/api.w.org\/{rel}","templated":true}]}}